{"id":24141,"date":"2024-03-21T07:01:24","date_gmt":"2024-03-21T07:01:24","guid":{"rendered":"https:\/\/www.farmaciastrebol.com\/blog\/?p=24141"},"modified":"2024-10-03T09:19:31","modified_gmt":"2024-10-03T09:19:31","slug":"farmacias-trebol-destaca-en-infarma-2024","status":"publish","type":"post","link":"https:\/\/www.farmaciastrebol.com\/blog\/farmacias-trebol-destaca-en-infarma-2024\/","title":{"rendered":"Farmacias Tr\u00e9bol destaca en INFARMA 2024"},"content":{"rendered":"<h2>Farmacias Tr\u00e9bol destaca en INFARMA 2024 como referente de innovaci\u00f3n y crecimiento profesional<\/h2>\n<ul>\n<li style=\"list-style-type: none;\">\n<ul>\n<li>Durante el evento, la compa\u00f1\u00eda ha atra\u00eddo la atenci\u00f3n de cientos de profesionales del sector interesados en conocer su <strong>modelo de negocio innovador<\/strong> y las oportunidades de crecimiento profesional que ofrece.<\/li>\n<li>Tanto el CEO, <a href=\"https:\/\/es.linkedin.com\/in\/fernando-v%C3%A9lez-p%C3%A9rez-a80a669\" target=\"_blank\" rel=\"noopener\">Fernando V\u00e9lez<\/a>, como el director, Alejandro Zurbano, han enfatizado la importancia de participar en eventos como <strong>Infarma 2024<\/strong> para compartir conocimientos, establecer conexiones valiosas y dar a conocer el innovador modelo de gesti\u00f3n de Farmacias Tr\u00e9bol.<\/li>\n<\/ul>\n<\/li>\n<\/ul>\n<p>Madrid, 20 de marzo de 2024 | En el marco del prestigioso Congreso Europeo de Oficina de Farmacia y Sal\u00f3n de Medicamentos y Parafarmacia, INFARMA 2024, Farmacias Tr\u00e9bol ha brillado como un punto focal de inter\u00e9s para cientos de profesionales del sector. Con un <a href=\"https:\/\/app.infarma.es\/infarma2024\/es\/expo\/detail\/3474711\" target=\"_blank\" rel=\"noopener\">stand<\/a> que refleja su compromiso con la innovaci\u00f3n y la excelencia en la gesti\u00f3n farmac\u00e9utica, la compa\u00f1\u00eda ha captado la atenci\u00f3n de numerosos titulares de farmacia que deseaban conocer de cerca su modelo de negocio.<\/p>\n<p>\u00abEn Farmacias Tr\u00e9bol estamos comprometidos con llevar la farmacia al siguiente nivel, ofreciendo no solo servicios de calidad para nuestros clientes, sino tambi\u00e9n oportunidades de desarrollo profesional para los farmac\u00e9uticos\u00bb, ha declarado <strong>Fernando V\u00e9lez<\/strong>, CEO de Farmacias Tr\u00e9bol. \u00abInfarma 2024 es el lugar perfecto para presentar nuestras iniciativas y establecer conexiones valiosas dentro de la comunidad farmac\u00e9utica europea\u00bb.<\/p>\n<p>Por su parte, <strong>Alejandro Zurbano<\/strong>, director de Farmacias Tr\u00e9bol, ha destacado la importancia de participar en este encuentro: \u00abEs una oportunidad \u00fanica para compartir conocimientos, intercambiar ideas y aprender de las \u00faltimas tendencias en el sector. Estamos orgullosos de ser parte de INFARMA 2024 y de poder mostrar c\u00f3mo Farmacias Tr\u00e9bol est\u00e1 liderando el camino hacia una farmacia m\u00e1s moderna y orientada al cliente\u00bb.<\/p>\n<p><img fetchpriority=\"high\" decoding=\"async\" class=\"aligncenter wp-image-24146 size-full\" src=\"https:\/\/www.farmaciastrebol.com\/blog\/wp-content\/uploads\/2024\/03\/trebol-infarma.jpg\" alt=\"\" width=\"1200\" height=\"800\" srcset=\"https:\/\/www.farmaciastrebol.com\/blog\/wp-content\/uploads\/2024\/03\/trebol-infarma.jpg 1200w, https:\/\/www.farmaciastrebol.com\/blog\/wp-content\/uploads\/2024\/03\/trebol-infarma-300x200.jpg 300w, https:\/\/www.farmaciastrebol.com\/blog\/wp-content\/uploads\/2024\/03\/trebol-infarma-1024x683.jpg 1024w, https:\/\/www.farmaciastrebol.com\/blog\/wp-content\/uploads\/2024\/03\/trebol-infarma-768x512.jpg 768w, https:\/\/www.farmaciastrebol.com\/blog\/wp-content\/uploads\/2024\/03\/trebol-infarma-391x260.jpg 391w, https:\/\/www.farmaciastrebol.com\/blog\/wp-content\/uploads\/2024\/03\/trebol-infarma-110x73.jpg 110w, https:\/\/www.farmaciastrebol.com\/blog\/wp-content\/uploads\/2024\/03\/trebol-infarma-585x390.jpg 585w, https:\/\/www.farmaciastrebol.com\/blog\/wp-content\/uploads\/2024\/03\/trebol-infarma-1110x740.jpg 1110w\" sizes=\"(max-width: 1200px) 100vw, 1200px\" \/><\/p>\n<p>INFARMA 2024 est\u00e1 demostrando ser un evento de gran valor para la comunidad farmac\u00e9utica europea, proporcionando un espacio \u00fanico para el intercambio de ideas, la innovaci\u00f3n y el crecimiento profesional. Con la destacada presencia de Farmacias Tr\u00e9bol y su compromiso con la vanguardia en la industria, queda claro que este evento no solo es un congreso, sino una oportunidad de impulsar el progreso y la excelencia en el sector de la salud.<\/p>\n<h2>Sobre Farmacias Tr\u00e9bol<\/h2>\n<p>Farmacias Tr\u00e9bol es una reconocida <strong>marca de farmacias<\/strong> comprometida con ofrecer servicios de salud de alta calidad y accesibles para todos los ciudadanos. Con una trayectoria de excelencia y dedicaci\u00f3n en el sector farmac\u00e9utico, Farmacias Tr\u00e9bol se ha destacado por su compromiso con la innovaci\u00f3n, la atenci\u00f3n al cliente y el bienestar de la comunidad.<\/p>\n<p>Desde su fundaci\u00f3n, hace casi 20 a\u00f1os, Farmacias Tr\u00e9bol ha trabajado arduamente para proporcionar a sus clientes una amplia gama de productos y servicios farmac\u00e9uticos, as\u00ed como asesoramiento personalizado y atenci\u00f3n integral en materia de salud. Con una red de establecimientos ubicados en gran parte de la geograf\u00eda espa\u00f1ola y un equipo de profesionales altamente capacitados, Farmacias Tr\u00e9bol se ha convertido en un referente en el sector, brindando soluciones efectivas y confiables para las necesidades de salud de sus clientes.<\/p>\n<p>Para m\u00e1s informaci\u00f3n, visite nuestro stand en el evento o contacte con nosotros a trav\u00e9s del mail:<br \/>\n<strong>Contacto Prensa<\/strong><br \/>\nLaura Mora C\u00f3rdoba<br \/>\nFarmacias Tr\u00e9bol<br \/>\n<a href=\"mailto:lmora@farmaciastrebol.com\">lmora@farmaciastrebol.com<\/a><br \/>\n681004013<\/p>\n","protected":false},"excerpt":{"rendered":"<p>Farmacias Tr\u00e9bol destaca en INFARMA 2024 como referente de innovaci\u00f3n y crecimiento profesional Durante el evento, la compa\u00f1\u00eda ha atra\u00eddo la atenci\u00f3n de cientos de profesionales del sector interesados en conocer su modelo de negocio innovador y las oportunidades de crecimiento profesional que ofrece. Tanto el CEO, Fernando V\u00e9lez, como el director, Alejandro Zurbano, han [&hellip;]<\/p>\n","protected":false},"author":3338,"featured_media":24145,"comment_status":"open","ping_status":"closed","sticky":false,"template":"","format":"standard","meta":{"footnotes":""},"categories":[1],"tags":[],"class_list":["post-24141","post","type-post","status-publish","format-standard","has-post-thumbnail","hentry","category-uncategorized"],"aioseo_notices":[],"amp_enabled":true,"_links":{"self":[{"href":"https:\/\/www.farmaciastrebol.com\/blog\/wp-json\/wp\/v2\/posts\/24141","targetHints":{"allow":["GET"]}}],"collection":[{"href":"https:\/\/www.farmaciastrebol.com\/blog\/wp-json\/wp\/v2\/posts"}],"about":[{"href":"https:\/\/www.farmaciastrebol.com\/blog\/wp-json\/wp\/v2\/types\/post"}],"author":[{"embeddable":true,"href":"https:\/\/www.farmaciastrebol.com\/blog\/wp-json\/wp\/v2\/users\/3338"}],"replies":[{"embeddable":true,"href":"https:\/\/www.farmaciastrebol.com\/blog\/wp-json\/wp\/v2\/comments?post=24141"}],"version-history":[{"count":2,"href":"https:\/\/www.farmaciastrebol.com\/blog\/wp-json\/wp\/v2\/posts\/24141\/revisions"}],"predecessor-version":[{"id":24147,"href":"https:\/\/www.farmaciastrebol.com\/blog\/wp-json\/wp\/v2\/posts\/24141\/revisions\/24147"}],"wp:featuredmedia":[{"embeddable":true,"href":"https:\/\/www.farmaciastrebol.com\/blog\/wp-json\/wp\/v2\/media\/24145"}],"wp:attachment":[{"href":"https:\/\/www.farmaciastrebol.com\/blog\/wp-json\/wp\/v2\/media?parent=24141"}],"wp:term":[{"taxonomy":"category","embeddable":true,"href":"https:\/\/www.farmaciastrebol.com\/blog\/wp-json\/wp\/v2\/categories?post=24141"},{"taxonomy":"post_tag","embeddable":true,"href":"https:\/\/www.farmaciastrebol.com\/blog\/wp-json\/wp\/v2\/tags?post=24141"}],"curies":[{"name":"wp","href":"https:\/\/api.w.org\/{rel}","templated":true}]}}